{"id":1937,"date":"2026-02-27T12:58:07","date_gmt":"2026-02-27T11:58:07","guid":{"rendered":"https:\/\/www.akrus.de\/akrus-et-fraunhofer-imte-invites-a-latelier-creatif-de-granni"},"modified":"2026-04-24T15:13:46","modified_gmt":"2026-04-24T13:13:46","slug":"akrus-et-fraunhofer-imte-invites-a-latelier-creatif-de-granni","status":"publish","type":"post","link":"https:\/\/www.akrus.de\/fr\/akrus-et-fraunhofer-imte-invites-a-latelier-creatif-de-granni","title":{"rendered":"Akrus et Fraunhofer IMTE invit\u00e9s \u00e0 l&rsquo;atelier cr\u00e9atif de GRANNI"},"content":{"rendered":"\n<h2 class=\"wp-block-heading\"><strong>Impulsion pour des dispositifs m\u00e9dicaux adapt\u00e9s aux personnes \u00e2g\u00e9es<\/strong><\/h2>\n\n<p>Akrus et <strong>Fraunhofer IMTE<\/strong> ont particip\u00e9 \u00e0 l&rsquo;atelier cr\u00e9atif de la <strong>communaut\u00e9 GRANNI<\/strong>. L&rsquo;atelier fait partie des ateliers co-cr\u00e9atifs de <strong><a href=\"https:\/\/granni.community\/\">GRANNI<\/a><\/strong> et a pour but de mettre en relation les partenaires, de rejoindre la communaut\u00e9 ouverte et de d\u00e9velopper ensemble de nouvelles id\u00e9es. <\/p>\n\n<p>L&rsquo;accent a \u00e9t\u00e9 mis sur des id\u00e9es de projets passionnantes autour des dispositifs m\u00e9dicaux adapt\u00e9s aux personnes \u00e2g\u00e9es et des solutions m\u00e9dico-techniques qui favorisent un vieillissement sain et r\u00e9silient. L&rsquo;objectif du GRANNI est de d\u00e9velopper des solutions socio-techniques dans le cadre d&rsquo;une approche communautaire ouverte pour relever les d\u00e9fis d&rsquo;une soci\u00e9t\u00e9 vieillissante, notamment en ce qui concerne la p\u00e9nurie de personnel qualifi\u00e9 et les besoins croissants en mati\u00e8re de soins. <\/p>\n\n<p>L&rsquo;\u00e9change intensif avec les autres participants a \u00e9t\u00e9 particuli\u00e8rement pr\u00e9cieux pour nous : En peu de temps, diff\u00e9rentes perspectives issues de la recherche, de la pratique et de l&rsquo;industrie ont \u00e9t\u00e9 r\u00e9unies. Cette collaboration interdisciplinaire est pr\u00e9cis\u00e9ment l&rsquo;un des principes cl\u00e9s de la communaut\u00e9 GRANNI &#8211; car les solutions ne doivent pas seulement na\u00eetre en laboratoire, mais \u00eatre transf\u00e9r\u00e9es le plus rapidement possible vers l&rsquo;application et les soins. <\/p>\n\n<p>Pour Akrus, cette visite est une \u00e9tape importante qui lui permettra \u00e0 l&rsquo;avenir, en collaboration avec Fraunhofer IMTE, de s&rsquo;impliquer davantage dans des projets ax\u00e9s sur l&rsquo;innovation et le transfert. GRANNI s&rsquo;appuie pour cela sur des formats de collaboration et une recherche d&rsquo;id\u00e9es structur\u00e9e : Les id\u00e9es issues de l&rsquo;atelier seront ensuite utilis\u00e9es pour d\u00e9velopper des propositions de projets qui pourront postuler \u00e0 des financements communautaires. <\/p>\n\n<p>Nous retirons de l&rsquo;atelier cr\u00e9atif de nombreuses impulsions &#8211; tant pour de nouvelles approches de produits que pour la poursuite de notre projet de coop\u00e9ration avec le Fraunhofer IMTE. Notre objectif est de d\u00e9velopper ensemble des solutions qui am\u00e9liorent le quotidien, le traitement et les soins &#8211; tout en \u00e9tant pratiques, durables et proches des flux de travail r\u00e9els dans l&rsquo;environnement clinique. <\/p>\n","protected":false},"excerpt":{"rendered":"<p>Impulsion pour des dispositifs m\u00e9dicaux adapt\u00e9s aux personnes \u00e2g\u00e9es Akrus et Fraunhofer IMTE ont particip\u00e9 \u00e0 l&rsquo;atelier cr\u00e9atif de la communaut\u00e9 GRANNI. L&rsquo;atelier fait partie des<span class=\"excerpt-hellip\"> [\u2026]<\/span><\/p>\n","protected":false},"author":12,"featured_media":1938,"comment_status":"closed","ping_status":"closed","sticky":false,"template":"","format":"standard","meta":{"footnotes":""},"categories":[76],"tags":[],"class_list":["post-1937","post","type-post","status-publish","format-standard","has-post-thumbnail","hentry","category-non-categorise"],"yoast_head":"<!-- This site is optimized with the Yoast SEO plugin v27.1.1 - https:\/\/yoast.com\/product\/yoast-seo-wordpress\/ -->\n<title>Akrus &amp; Fraunhofer IMTE \u00e0 l&#039;atelier cr\u00e9atif de GRANNI | AKRUS<\/title>\n<meta name=\"description\" content=\"Akrus et Fraunhofer IMTE recueillent des impulsions pour des dispositifs m\u00e9dicaux adapt\u00e9s aux personnes \u00e2g\u00e9es et des solutions de soins innovantes lors de l&#039;atelier cr\u00e9atif GRANNI.\" \/>\n<meta name=\"robots\" content=\"index, follow, max-snippet:-1, max-image-preview:large, max-video-preview:-1\" \/>\n<link rel=\"canonical\" href=\"https:\/\/www.akrus.de\/fr\/akrus-et-fraunhofer-imte-invites-a-latelier-creatif-de-granni\" \/>\n<meta property=\"og:locale\" content=\"fr_FR\" \/>\n<meta property=\"og:type\" content=\"article\" \/>\n<meta property=\"og:title\" content=\"Akrus &amp; Fraunhofer IMTE \u00e0 l&#039;atelier cr\u00e9atif de GRANNI | AKRUS\" \/>\n<meta property=\"og:description\" content=\"Akrus et Fraunhofer IMTE recueillent des impulsions pour des dispositifs m\u00e9dicaux adapt\u00e9s aux personnes \u00e2g\u00e9es et des solutions de soins innovantes lors de l&#039;atelier cr\u00e9atif GRANNI.\" \/>\n<meta property=\"og:url\" content=\"https:\/\/www.akrus.de\/fr\/akrus-et-fraunhofer-imte-invites-a-latelier-creatif-de-granni\" \/>\n<meta property=\"og:site_name\" content=\"AKRUS Medizintechnik\" \/>\n<meta property=\"article:published_time\" content=\"2026-02-27T11:58:07+00:00\" \/>\n<meta property=\"article:modified_time\" content=\"2026-04-24T13:13:46+00:00\" \/>\n<meta property=\"og:image\" content=\"https:\/\/www.akrus.de\/wp-content\/uploads\/2026\/03\/Granni-Logo-1200x650-2026.jpg\" \/>\n\t<meta property=\"og:image:width\" content=\"1200\" \/>\n\t<meta property=\"og:image:height\" content=\"650\" \/>\n\t<meta property=\"og:image:type\" content=\"image\/jpeg\" \/>\n<meta name=\"author\" content=\"Janina Siring\" \/>\n<meta name=\"twitter:card\" content=\"summary_large_image\" \/>\n<meta name=\"twitter:label1\" content=\"\u00c9crit par\" \/>\n\t<meta name=\"twitter:data1\" content=\"Janina Siring\" \/>\n\t<meta name=\"twitter:label2\" content=\"Dur\u00e9e de lecture estim\u00e9e\" \/>\n\t<meta name=\"twitter:data2\" content=\"2 minutes\" \/>\n<script type=\"application\/ld+json\" class=\"yoast-schema-graph\">{\"@context\":\"https:\/\/schema.org\",\"@graph\":[{\"@type\":\"Article\",\"@id\":\"https:\/\/www.akrus.de\/fr\/akrus-et-fraunhofer-imte-invites-a-latelier-creatif-de-granni#article\",\"isPartOf\":{\"@id\":\"https:\/\/www.akrus.de\/fr\/akrus-et-fraunhofer-imte-invites-a-latelier-creatif-de-granni\"},\"author\":{\"name\":\"Janina Siring\",\"@id\":\"https:\/\/www.akrus.de\/fr#\/schema\/person\/e7339dae7724f051805f4fdf2b1e9b7b\"},\"headline\":\"Akrus et Fraunhofer IMTE invit\u00e9s \u00e0 l&rsquo;atelier cr\u00e9atif de GRANNI\",\"datePublished\":\"2026-02-27T11:58:07+00:00\",\"dateModified\":\"2026-04-24T13:13:46+00:00\",\"mainEntityOfPage\":{\"@id\":\"https:\/\/www.akrus.de\/fr\/akrus-et-fraunhofer-imte-invites-a-latelier-creatif-de-granni\"},\"wordCount\":382,\"publisher\":{\"@id\":\"https:\/\/www.akrus.de\/fr#organization\"},\"image\":{\"@id\":\"https:\/\/www.akrus.de\/fr\/akrus-et-fraunhofer-imte-invites-a-latelier-creatif-de-granni#primaryimage\"},\"thumbnailUrl\":\"https:\/\/www.akrus.de\/wp-content\/uploads\/2026\/03\/Granni-Logo-1200x650-2026.jpg\",\"articleSection\":[\"Non cat\u00e9goris\u00e9\"],\"inLanguage\":\"fr-FR\"},{\"@type\":\"WebPage\",\"@id\":\"https:\/\/www.akrus.de\/fr\/akrus-et-fraunhofer-imte-invites-a-latelier-creatif-de-granni\",\"url\":\"https:\/\/www.akrus.de\/fr\/akrus-et-fraunhofer-imte-invites-a-latelier-creatif-de-granni\",\"name\":\"Akrus & Fraunhofer IMTE \u00e0 l'atelier cr\u00e9atif de GRANNI | AKRUS\",\"isPartOf\":{\"@id\":\"https:\/\/www.akrus.de\/fr#website\"},\"primaryImageOfPage\":{\"@id\":\"https:\/\/www.akrus.de\/fr\/akrus-et-fraunhofer-imte-invites-a-latelier-creatif-de-granni#primaryimage\"},\"image\":{\"@id\":\"https:\/\/www.akrus.de\/fr\/akrus-et-fraunhofer-imte-invites-a-latelier-creatif-de-granni#primaryimage\"},\"thumbnailUrl\":\"https:\/\/www.akrus.de\/wp-content\/uploads\/2026\/03\/Granni-Logo-1200x650-2026.jpg\",\"datePublished\":\"2026-02-27T11:58:07+00:00\",\"dateModified\":\"2026-04-24T13:13:46+00:00\",\"description\":\"Akrus et Fraunhofer IMTE recueillent des impulsions pour des dispositifs m\u00e9dicaux adapt\u00e9s aux personnes \u00e2g\u00e9es et des solutions de soins innovantes lors de l'atelier cr\u00e9atif GRANNI.\",\"breadcrumb\":{\"@id\":\"https:\/\/www.akrus.de\/fr\/akrus-et-fraunhofer-imte-invites-a-latelier-creatif-de-granni#breadcrumb\"},\"inLanguage\":\"fr-FR\",\"potentialAction\":[{\"@type\":\"ReadAction\",\"target\":[\"https:\/\/www.akrus.de\/fr\/akrus-et-fraunhofer-imte-invites-a-latelier-creatif-de-granni\"]}]},{\"@type\":\"ImageObject\",\"inLanguage\":\"fr-FR\",\"@id\":\"https:\/\/www.akrus.de\/fr\/akrus-et-fraunhofer-imte-invites-a-latelier-creatif-de-granni#primaryimage\",\"url\":\"https:\/\/www.akrus.de\/wp-content\/uploads\/2026\/03\/Granni-Logo-1200x650-2026.jpg\",\"contentUrl\":\"https:\/\/www.akrus.de\/wp-content\/uploads\/2026\/03\/Granni-Logo-1200x650-2026.jpg\",\"width\":1200,\"height\":650},{\"@type\":\"BreadcrumbList\",\"@id\":\"https:\/\/www.akrus.de\/fr\/akrus-et-fraunhofer-imte-invites-a-latelier-creatif-de-granni#breadcrumb\",\"itemListElement\":[{\"@type\":\"ListItem\",\"position\":1,\"name\":\"Startseite\",\"item\":\"https:\/\/www.akrus.de\/fr\"},{\"@type\":\"ListItem\",\"position\":2,\"name\":\"Akrus et Fraunhofer IMTE invit\u00e9s \u00e0 l&rsquo;atelier cr\u00e9atif de GRANNI\"}]},{\"@type\":\"WebSite\",\"@id\":\"https:\/\/www.akrus.de\/fr#website\",\"url\":\"https:\/\/www.akrus.de\/fr\",\"name\":\"AKRUS Medizintechnik\",\"description\":\"AKRUS GmbH &amp; Co. KG ist Hersteller von medizinischem Mobiliar, spezialisiert auf OP-Liegen und -St\u00fchlen\",\"publisher\":{\"@id\":\"https:\/\/www.akrus.de\/fr#organization\"},\"potentialAction\":[{\"@type\":\"SearchAction\",\"target\":{\"@type\":\"EntryPoint\",\"urlTemplate\":\"https:\/\/www.akrus.de\/fr?s={search_term_string}\"},\"query-input\":{\"@type\":\"PropertyValueSpecification\",\"valueRequired\":true,\"valueName\":\"search_term_string\"}}],\"inLanguage\":\"fr-FR\"},{\"@type\":\"Organization\",\"@id\":\"https:\/\/www.akrus.de\/fr#organization\",\"name\":\"AKRUS GMBH & CO.KG\",\"alternateName\":\"AKRUS\",\"url\":\"https:\/\/www.akrus.de\/fr\",\"logo\":{\"@type\":\"ImageObject\",\"inLanguage\":\"fr-FR\",\"@id\":\"https:\/\/www.akrus.de\/fr#\/schema\/logo\/image\/\",\"url\":\"https:\/\/www.akrus.de\/wp-content\/uploads\/2024\/06\/cropped-AKRUS-Icon-New.jpg\",\"contentUrl\":\"https:\/\/www.akrus.de\/wp-content\/uploads\/2024\/06\/cropped-AKRUS-Icon-New.jpg\",\"width\":512,\"height\":512,\"caption\":\"AKRUS GMBH & CO.KG\"},\"image\":{\"@id\":\"https:\/\/www.akrus.de\/fr#\/schema\/logo\/image\/\"},\"sameAs\":[\"https:\/\/www.linkedin.com\/company\/akrus\/\",\"https:\/\/www.youtube.com\/@akrus6469\"]},{\"@type\":\"Person\",\"@id\":\"https:\/\/www.akrus.de\/fr#\/schema\/person\/e7339dae7724f051805f4fdf2b1e9b7b\",\"name\":\"Janina Siring\",\"description\":\"Bachelorabschluss in Bionik (B. Sc.) mit Schwerpunkt Leichtbau und Sensorik Masterabschluss in Biomedizintechnik (M. Sc.) mit Schwerpunkt Implantologie und Verfahrenstechnik. 5,5 Jahre als Wissenschaftliche Mitarbeiterin am Institut f\u00fcr Umformtechnik und Umformmaschinen (IFUM) an der Leibniz Universit\u00e4t Hannover. Projektbearbeitung im Bereich Materialcharakterisierung und Simulation. Ab Mitte Oktober 2025 Forschungsleitung bei Akrus\",\"sameAs\":[\"https:\/\/orcid.org\/0009-0005-2487-9528\",\"https:\/\/www.linkedin.com\/in\/janina-siring-6972bbb9\"],\"url\":\"https:\/\/www.akrus.de\/fr\/author\/janina\"}]}<\/script>\n<!-- \/ Yoast SEO plugin. -->","yoast_head_json":{"title":"Akrus & Fraunhofer IMTE \u00e0 l'atelier cr\u00e9atif de GRANNI | AKRUS","description":"Akrus et Fraunhofer IMTE recueillent des impulsions pour des dispositifs m\u00e9dicaux adapt\u00e9s aux personnes \u00e2g\u00e9es et des solutions de soins innovantes lors de l'atelier cr\u00e9atif GRANNI.","robots":{"index":"index","follow":"follow","max-snippet":"max-snippet:-1","max-image-preview":"max-image-preview:large","max-video-preview":"max-video-preview:-1"},"canonical":"https:\/\/www.akrus.de\/fr\/akrus-et-fraunhofer-imte-invites-a-latelier-creatif-de-granni","og_locale":"fr_FR","og_type":"article","og_title":"Akrus & Fraunhofer IMTE \u00e0 l'atelier cr\u00e9atif de GRANNI | AKRUS","og_description":"Akrus et Fraunhofer IMTE recueillent des impulsions pour des dispositifs m\u00e9dicaux adapt\u00e9s aux personnes \u00e2g\u00e9es et des solutions de soins innovantes lors de l'atelier cr\u00e9atif GRANNI.","og_url":"https:\/\/www.akrus.de\/fr\/akrus-et-fraunhofer-imte-invites-a-latelier-creatif-de-granni","og_site_name":"AKRUS Medizintechnik","article_published_time":"2026-02-27T11:58:07+00:00","article_modified_time":"2026-04-24T13:13:46+00:00","og_image":[{"width":1200,"height":650,"url":"https:\/\/www.akrus.de\/wp-content\/uploads\/2026\/03\/Granni-Logo-1200x650-2026.jpg","type":"image\/jpeg"}],"author":"Janina Siring","twitter_card":"summary_large_image","twitter_misc":{"\u00c9crit par":"Janina Siring","Dur\u00e9e de lecture estim\u00e9e":"2 minutes"},"schema":{"@context":"https:\/\/schema.org","@graph":[{"@type":"Article","@id":"https:\/\/www.akrus.de\/fr\/akrus-et-fraunhofer-imte-invites-a-latelier-creatif-de-granni#article","isPartOf":{"@id":"https:\/\/www.akrus.de\/fr\/akrus-et-fraunhofer-imte-invites-a-latelier-creatif-de-granni"},"author":{"name":"Janina Siring","@id":"https:\/\/www.akrus.de\/fr#\/schema\/person\/e7339dae7724f051805f4fdf2b1e9b7b"},"headline":"Akrus et Fraunhofer IMTE invit\u00e9s \u00e0 l&rsquo;atelier cr\u00e9atif de GRANNI","datePublished":"2026-02-27T11:58:07+00:00","dateModified":"2026-04-24T13:13:46+00:00","mainEntityOfPage":{"@id":"https:\/\/www.akrus.de\/fr\/akrus-et-fraunhofer-imte-invites-a-latelier-creatif-de-granni"},"wordCount":382,"publisher":{"@id":"https:\/\/www.akrus.de\/fr#organization"},"image":{"@id":"https:\/\/www.akrus.de\/fr\/akrus-et-fraunhofer-imte-invites-a-latelier-creatif-de-granni#primaryimage"},"thumbnailUrl":"https:\/\/www.akrus.de\/wp-content\/uploads\/2026\/03\/Granni-Logo-1200x650-2026.jpg","articleSection":["Non cat\u00e9goris\u00e9"],"inLanguage":"fr-FR"},{"@type":"WebPage","@id":"https:\/\/www.akrus.de\/fr\/akrus-et-fraunhofer-imte-invites-a-latelier-creatif-de-granni","url":"https:\/\/www.akrus.de\/fr\/akrus-et-fraunhofer-imte-invites-a-latelier-creatif-de-granni","name":"Akrus & Fraunhofer IMTE \u00e0 l'atelier cr\u00e9atif de GRANNI | AKRUS","isPartOf":{"@id":"https:\/\/www.akrus.de\/fr#website"},"primaryImageOfPage":{"@id":"https:\/\/www.akrus.de\/fr\/akrus-et-fraunhofer-imte-invites-a-latelier-creatif-de-granni#primaryimage"},"image":{"@id":"https:\/\/www.akrus.de\/fr\/akrus-et-fraunhofer-imte-invites-a-latelier-creatif-de-granni#primaryimage"},"thumbnailUrl":"https:\/\/www.akrus.de\/wp-content\/uploads\/2026\/03\/Granni-Logo-1200x650-2026.jpg","datePublished":"2026-02-27T11:58:07+00:00","dateModified":"2026-04-24T13:13:46+00:00","description":"Akrus et Fraunhofer IMTE recueillent des impulsions pour des dispositifs m\u00e9dicaux adapt\u00e9s aux personnes \u00e2g\u00e9es et des solutions de soins innovantes lors de l'atelier cr\u00e9atif GRANNI.","breadcrumb":{"@id":"https:\/\/www.akrus.de\/fr\/akrus-et-fraunhofer-imte-invites-a-latelier-creatif-de-granni#breadcrumb"},"inLanguage":"fr-FR","potentialAction":[{"@type":"ReadAction","target":["https:\/\/www.akrus.de\/fr\/akrus-et-fraunhofer-imte-invites-a-latelier-creatif-de-granni"]}]},{"@type":"ImageObject","inLanguage":"fr-FR","@id":"https:\/\/www.akrus.de\/fr\/akrus-et-fraunhofer-imte-invites-a-latelier-creatif-de-granni#primaryimage","url":"https:\/\/www.akrus.de\/wp-content\/uploads\/2026\/03\/Granni-Logo-1200x650-2026.jpg","contentUrl":"https:\/\/www.akrus.de\/wp-content\/uploads\/2026\/03\/Granni-Logo-1200x650-2026.jpg","width":1200,"height":650},{"@type":"BreadcrumbList","@id":"https:\/\/www.akrus.de\/fr\/akrus-et-fraunhofer-imte-invites-a-latelier-creatif-de-granni#breadcrumb","itemListElement":[{"@type":"ListItem","position":1,"name":"Startseite","item":"https:\/\/www.akrus.de\/fr"},{"@type":"ListItem","position":2,"name":"Akrus et Fraunhofer IMTE invit\u00e9s \u00e0 l&rsquo;atelier cr\u00e9atif de GRANNI"}]},{"@type":"WebSite","@id":"https:\/\/www.akrus.de\/fr#website","url":"https:\/\/www.akrus.de\/fr","name":"AKRUS Medizintechnik","description":"AKRUS GmbH &amp; Co. KG ist Hersteller von medizinischem Mobiliar, spezialisiert auf OP-Liegen und -St\u00fchlen","publisher":{"@id":"https:\/\/www.akrus.de\/fr#organization"},"potentialAction":[{"@type":"SearchAction","target":{"@type":"EntryPoint","urlTemplate":"https:\/\/www.akrus.de\/fr?s={search_term_string}"},"query-input":{"@type":"PropertyValueSpecification","valueRequired":true,"valueName":"search_term_string"}}],"inLanguage":"fr-FR"},{"@type":"Organization","@id":"https:\/\/www.akrus.de\/fr#organization","name":"AKRUS GMBH & CO.KG","alternateName":"AKRUS","url":"https:\/\/www.akrus.de\/fr","logo":{"@type":"ImageObject","inLanguage":"fr-FR","@id":"https:\/\/www.akrus.de\/fr#\/schema\/logo\/image\/","url":"https:\/\/www.akrus.de\/wp-content\/uploads\/2024\/06\/cropped-AKRUS-Icon-New.jpg","contentUrl":"https:\/\/www.akrus.de\/wp-content\/uploads\/2024\/06\/cropped-AKRUS-Icon-New.jpg","width":512,"height":512,"caption":"AKRUS GMBH & CO.KG"},"image":{"@id":"https:\/\/www.akrus.de\/fr#\/schema\/logo\/image\/"},"sameAs":["https:\/\/www.linkedin.com\/company\/akrus\/","https:\/\/www.youtube.com\/@akrus6469"]},{"@type":"Person","@id":"https:\/\/www.akrus.de\/fr#\/schema\/person\/e7339dae7724f051805f4fdf2b1e9b7b","name":"Janina Siring","description":"Bachelorabschluss in Bionik (B. Sc.) mit Schwerpunkt Leichtbau und Sensorik Masterabschluss in Biomedizintechnik (M. Sc.) mit Schwerpunkt Implantologie und Verfahrenstechnik. 5,5 Jahre als Wissenschaftliche Mitarbeiterin am Institut f\u00fcr Umformtechnik und Umformmaschinen (IFUM) an der Leibniz Universit\u00e4t Hannover. Projektbearbeitung im Bereich Materialcharakterisierung und Simulation. Ab Mitte Oktober 2025 Forschungsleitung bei Akrus","sameAs":["https:\/\/orcid.org\/0009-0005-2487-9528","https:\/\/www.linkedin.com\/in\/janina-siring-6972bbb9"],"url":"https:\/\/www.akrus.de\/fr\/author\/janina"}]}},"_links":{"self":[{"href":"https:\/\/www.akrus.de\/fr\/wp-json\/wp\/v2\/posts\/1937","targetHints":{"allow":["GET"]}}],"collection":[{"href":"https:\/\/www.akrus.de\/fr\/wp-json\/wp\/v2\/posts"}],"about":[{"href":"https:\/\/www.akrus.de\/fr\/wp-json\/wp\/v2\/types\/post"}],"author":[{"embeddable":true,"href":"https:\/\/www.akrus.de\/fr\/wp-json\/wp\/v2\/users\/12"}],"replies":[{"embeddable":true,"href":"https:\/\/www.akrus.de\/fr\/wp-json\/wp\/v2\/comments?post=1937"}],"version-history":[{"count":1,"href":"https:\/\/www.akrus.de\/fr\/wp-json\/wp\/v2\/posts\/1937\/revisions"}],"predecessor-version":[{"id":1939,"href":"https:\/\/www.akrus.de\/fr\/wp-json\/wp\/v2\/posts\/1937\/revisions\/1939"}],"wp:featuredmedia":[{"embeddable":true,"href":"https:\/\/www.akrus.de\/fr\/wp-json\/wp\/v2\/media\/1938"}],"wp:attachment":[{"href":"https:\/\/www.akrus.de\/fr\/wp-json\/wp\/v2\/media?parent=1937"}],"wp:term":[{"taxonomy":"category","embeddable":true,"href":"https:\/\/www.akrus.de\/fr\/wp-json\/wp\/v2\/categories?post=1937"},{"taxonomy":"post_tag","embeddable":true,"href":"https:\/\/www.akrus.de\/fr\/wp-json\/wp\/v2\/tags?post=1937"}],"curies":[{"name":"wp","href":"https:\/\/api.w.org\/{rel}","templated":true}]}}