{"id":1940,"date":"2026-02-16T13:10:57","date_gmt":"2026-02-16T12:10:57","guid":{"rendered":"https:\/\/www.akrus.de\/akrus-a-lexposition-mondiale-de-la-sante-de-dubai-2026"},"modified":"2026-04-24T15:14:07","modified_gmt":"2026-04-24T13:14:07","slug":"akrus-a-lexposition-mondiale-de-la-sante-de-dubai-2026","status":"publish","type":"post","link":"https:\/\/www.akrus.de\/fr\/akrus-a-lexposition-mondiale-de-la-sante-de-dubai-2026","title":{"rendered":"Akrus \u00e0 l&rsquo;exposition mondiale de la sant\u00e9 de Duba\u00ef 2026"},"content":{"rendered":"\n<h2 class=\"wp-block-heading\"><strong>AKRUS pr\u00e9sent avec succ\u00e8s au salon WHX 2026 : Des \u00e9changes forts, de nouvelles impulsions et des partenariats pr\u00e9cieux<\/strong><\/h2>\n\n<p>AKRUS a particip\u00e9 cette ann\u00e9e \u00e0 la <strong>World Health Expo avant Arab Health<\/strong> avec son propre stand et peut se targuer d&rsquo;une participation r\u00e9ussie sur tous les plans. L&rsquo;\u00e9v\u00e9nement compte parmi les plus importants points de rencontre internationaux du secteur de la sant\u00e9 et a r\u00e9uni \u00e0 Duba\u00ef (EAU) des d\u00e9cideurs, des fabricants, des prestataires de services et des partenaires d&rsquo;innovation de nombreux pays. Pour AKRUS, le salon a constitu\u00e9 une plateforme id\u00e9ale pour approfondir les contacts existants, initier de nouveaux partenariats et d\u00e9couvrir de pr\u00e8s les \u00e9volutions actuelles du march\u00e9.  <\/p>\n\n<p>D\u00e8s les premiers jours du salon, il est apparu que l&rsquo;int\u00e9r\u00eat pour des solutions pratiques et fiables et pour une collaboration en partenariat est \u00e9lev\u00e9. Sur notre stand, nous avons eu de nombreuses discussions avec des visiteurs de diff\u00e9rents secteurs &#8211; des acteurs \u00e9tablis aux nouveaux acteurs du march\u00e9 qui cherchent des approches \u00e9volutives et viables. Pour AKRUS, il \u00e9tait particuli\u00e8rement pr\u00e9cieux de pouvoir identifier \u00e0 la fois des points de contact concrets pour des coop\u00e9rations \u00e0 court terme et des possibilit\u00e9s strat\u00e9giques \u00e0 long terme.  <\/p>\n\n<h2 class=\"wp-block-heading\"><strong>Renforcement des \u00e9changes avec les partenaires existants<\/strong><\/h2>\n\n<p>L&rsquo;un des points forts de notre pr\u00e9sence au salon a \u00e9t\u00e9 l&rsquo;\u00e9change avec les <strong>partenaires existants<\/strong>. De nombreux rendez-vous ont \u00e9t\u00e9 organis\u00e9s pour discuter de projets communs, des prochaines \u00e9tapes et de la mani\u00e8re dont nous pouvons rendre la collaboration encore plus efficace et effective. Les discussions ont \u00e9t\u00e9 marqu\u00e9es par la franchise, la clart\u00e9 et l&rsquo;objectif commun de promouvoir des solutions convaincantes dans la pratique. La WHX a offert un cadre parfait pour cela : des trajets courts, des discussions directes et la possibilit\u00e9 d&rsquo;aborder rapidement les sujets.   <\/p>\n\n<p>Il est apparu clairement que les r\u00e9unions en face \u00e0 face continuent d&rsquo;apporter une valeur ajout\u00e9e particuli\u00e8re. De nombreuses questions qui, dans la vie quotidienne, passent souvent par plusieurs \u00e9tapes, ont pu \u00eatre r\u00e9solues beaucoup plus rapidement sur place. Parall\u00e8lement, de nouvelles id\u00e9es ont vu le jour sur la mani\u00e8re d&rsquo;\u00e9largir les partenariats existants, tant sur le plan du contenu que sur celui des nouveaux march\u00e9s et des nouvelles applications.  <\/p>\n\n<figure class=\"wp-block-image size-large\"><img loading=\"lazy\" decoding=\"async\" width=\"1200\" height=\"900\" src=\"https:\/\/www.akrus.de\/wp-content\/uploads\/2026\/03\/akrus-arab-health-2026-scaled-1600-1200x900.jpg\" alt=\"Expo mondiale de la sant&#xE9; Duba&#xEF; 2026\" class=\"wp-image-1745\" style=\"aspect-ratio:1;object-fit:cover\" srcset=\"https:\/\/www.akrus.de\/wp-content\/uploads\/2026\/03\/akrus-arab-health-2026-scaled-1600-1200x900.jpg 1200w, https:\/\/www.akrus.de\/wp-content\/uploads\/2026\/03\/akrus-arab-health-2026-scaled-1600-500x375.jpg 500w, https:\/\/www.akrus.de\/wp-content\/uploads\/2026\/03\/akrus-arab-health-2026-scaled-1600-300x225.jpg 300w, https:\/\/www.akrus.de\/wp-content\/uploads\/2026\/03\/akrus-arab-health-2026-scaled-1600-768x576.jpg 768w, https:\/\/www.akrus.de\/wp-content\/uploads\/2026\/03\/akrus-arab-health-2026-scaled-1600-100x75.jpg 100w, https:\/\/www.akrus.de\/wp-content\/uploads\/2026\/03\/akrus-arab-health-2026-scaled-1600-484x363.jpg 484w, https:\/\/www.akrus.de\/wp-content\/uploads\/2026\/03\/akrus-arab-health-2026-scaled-1600-800x600.jpg 800w\" sizes=\"auto, (max-width:767px) 484px, (max-width:1200px) 100vw, 1200px\" \/><\/figure>\n\n<h2 class=\"wp-block-heading\"><strong>Contacts prometteurs avec de nouveaux partenaires potentiels<\/strong><\/h2>\n\n<p>Outre le renforcement des relations existantes, le salon a \u00e9galement ouvert la porte \u00e0 <strong>de nouveaux contacts<\/strong>. Nous avons pu avoir des \u00e9changes intensifs avec plusieurs partenaires potentiels et mener les premi\u00e8res discussions sur les formes de coop\u00e9ration possibles. Il ne s&rsquo;agissait pas seulement de faire connaissance, mais aussi de discuter des attentes concr\u00e8tes, des exigences et des conditions g\u00e9n\u00e9rales &#8211; une base importante pour continuer \u00e0 travailler de mani\u00e8re cibl\u00e9e apr\u00e8s le salon.  <\/p>\n\n<p>Ce qui a \u00e9t\u00e9 particuli\u00e8rement positif, c&rsquo;est que de nombreux entretiens ont \u00e9t\u00e9 tr\u00e8s orient\u00e9s vers la recherche de solutions. En peu de temps, nous avons pu identifier les interfaces, les sujets les plus pertinents et les prochaines \u00e9tapes possibles. Le contact direct sur le stand a contribu\u00e9 de mani\u00e8re significative \u00e0 \u00e9tablir la confiance et \u00e0 d\u00e9velopper des perspectives communes.  <\/p>\n\n<h2 class=\"wp-block-heading\"><strong>Impulsion du march\u00e9 et inspiration par les concurrents et les tendances<\/strong><\/h2>\n\n<p>Une autre partie importante de la WHX pour AKRUS a \u00e9t\u00e9 la collecte cibl\u00e9e d <strong>&lsquo;inspiration sur le march\u00e9<\/strong>. L&rsquo;observation d&rsquo;autres fournisseurs et concurrents a fourni des informations pr\u00e9cieuses : Quels sont les th\u00e8mes actuellement au centre de l&rsquo;attention ? Quelles sont les tendances qui s&rsquo;imposent ? Et comment les attentes en mati\u00e8re de produits, de services et de collaboration \u00e9voluent-elles ?   <\/p>\n\n<p>Les discussions et les impressions recueillies dans les halls nous ont donn\u00e9 de nombreuses impulsions qui nous aident \u00e0 affiner nos propres approches. Le caract\u00e8re international du salon nous a permis de voir \u00e0 quel point les march\u00e9s sont diff\u00e9rents et, en m\u00eame temps, quels sont les th\u00e8mes qui gagnent en importance dans le monde entier. Pour AKRUS, cette perspective est particuli\u00e8rement importante, car elle nous permet de comprendre les \u00e9volutions \u00e0 un stade pr\u00e9coce et de les int\u00e9grer de mani\u00e8re cibl\u00e9e dans notre travail.  <\/p>\n\n<h2 class=\"wp-block-heading\"><strong>Conclusion : une pr\u00e9sence r\u00e9ussie et des \u00e9tapes suivantes claires<\/strong><\/h2>\n\n<p>La participation \u00e0 la World Health Expo a \u00e9t\u00e9 un succ\u00e8s total pour AKRUS : nous \u00e9tions visibles, accessibles et fortement repr\u00e9sent\u00e9s en termes de contenu &#8211; et nous avons profit\u00e9 activement du salon pour entretenir des relations, nouer de nouveaux contacts et prendre de nouvelles impulsions. Les \u00e9changes personnels sur le stand ont montr\u00e9 une fois de plus l&rsquo;importance des rencontres directes pour la confiance, la coop\u00e9ration et le d\u00e9veloppement commun. <\/p>\n\n<p>L&rsquo;\u00e9tape suivante consiste \u00e0 faire un suivi structur\u00e9 des entretiens men\u00e9s et \u00e0 initier des suivis concrets. Car un salon ne se termine pas le dernier jour &#8211; il est souvent le point de d\u00e9part d&rsquo;une collaboration, de nouvelles id\u00e9es et de partenariats \u00e0 long terme. AKRUS se r\u00e9jouit d&rsquo;approfondir les contacts et les connaissances acquises dans les semaines \u00e0 venir et de mettre en \u0153uvre les prochaines \u00e9tapes avec ses partenaires et les personnes int\u00e9ress\u00e9es.  <\/p>\n","protected":false},"excerpt":{"rendered":"<p>AKRUS pr\u00e9sent avec succ\u00e8s au salon WHX 2026 : Des \u00e9changes forts, de nouvelles impulsions et des partenariats pr\u00e9cieux AKRUS a particip\u00e9 cette ann\u00e9e \u00e0 la<span class=\"excerpt-hellip\"> [\u2026]<\/span><\/p>\n","protected":false},"author":12,"featured_media":1941,"comment_status":"closed","ping_status":"closed","sticky":false,"template":"","format":"standard","meta":{"footnotes":""},"categories":[76],"tags":[],"class_list":["post-1940","post","type-post","status-publish","format-standard","has-post-thumbnail","hentry","category-non-categorise"],"yoast_head":"<!-- This site is optimized with the Yoast SEO plugin v27.1.1 - https:\/\/yoast.com\/product\/yoast-seo-wordpress\/ -->\n<title>Akrus \u00e0 l&#039;exposition mondiale de la sant\u00e9 de Duba\u00ef 2026 | AKRUS<\/title>\n<meta name=\"description\" content=\"AKRUS se r\u00e9jouit d&#039;une participation r\u00e9ussie \u00e0 l&#039;Exposition mondiale de la sant\u00e9 de Duba\u00ef 2026, avec de nouveaux partenariats, des impulsions du march\u00e9 et des discussions pr\u00e9cieuses.\" \/>\n<meta name=\"robots\" content=\"index, follow, max-snippet:-1, max-image-preview:large, max-video-preview:-1\" \/>\n<link rel=\"canonical\" href=\"https:\/\/www.akrus.de\/fr\/akrus-a-lexposition-mondiale-de-la-sante-de-dubai-2026\" \/>\n<meta property=\"og:locale\" content=\"fr_FR\" \/>\n<meta property=\"og:type\" content=\"article\" \/>\n<meta property=\"og:title\" content=\"Akrus \u00e0 l&#039;exposition mondiale de la sant\u00e9 de Duba\u00ef 2026 | AKRUS\" \/>\n<meta property=\"og:description\" content=\"AKRUS se r\u00e9jouit d&#039;une participation r\u00e9ussie \u00e0 l&#039;Exposition mondiale de la sant\u00e9 de Duba\u00ef 2026, avec de nouveaux partenariats, des impulsions du march\u00e9 et des discussions pr\u00e9cieuses.\" \/>\n<meta property=\"og:url\" content=\"https:\/\/www.akrus.de\/fr\/akrus-a-lexposition-mondiale-de-la-sante-de-dubai-2026\" \/>\n<meta property=\"og:site_name\" content=\"AKRUS Medizintechnik\" \/>\n<meta property=\"article:published_time\" content=\"2026-02-16T12:10:57+00:00\" \/>\n<meta property=\"article:modified_time\" content=\"2026-04-24T13:14:07+00:00\" \/>\n<meta property=\"og:image\" content=\"https:\/\/www.akrus.de\/wp-content\/uploads\/2026\/03\/akrus-arab-health-2026-messestand-V3.jpg\" \/>\n\t<meta property=\"og:image:width\" content=\"1600\" \/>\n\t<meta property=\"og:image:height\" content=\"1200\" \/>\n\t<meta property=\"og:image:type\" content=\"image\/jpeg\" \/>\n<meta name=\"author\" content=\"Janina Siring\" \/>\n<meta name=\"twitter:card\" content=\"summary_large_image\" \/>\n<meta name=\"twitter:label1\" content=\"\u00c9crit par\" \/>\n\t<meta name=\"twitter:data1\" content=\"Janina Siring\" \/>\n\t<meta name=\"twitter:label2\" content=\"Dur\u00e9e de lecture estim\u00e9e\" \/>\n\t<meta name=\"twitter:data2\" content=\"4 minutes\" \/>\n<script type=\"application\/ld+json\" class=\"yoast-schema-graph\">{\"@context\":\"https:\/\/schema.org\",\"@graph\":[{\"@type\":\"Article\",\"@id\":\"https:\/\/www.akrus.de\/fr\/akrus-a-lexposition-mondiale-de-la-sante-de-dubai-2026#article\",\"isPartOf\":{\"@id\":\"https:\/\/www.akrus.de\/fr\/akrus-a-lexposition-mondiale-de-la-sante-de-dubai-2026\"},\"author\":{\"name\":\"Janina Siring\",\"@id\":\"https:\/\/www.akrus.de\/fr#\/schema\/person\/e7339dae7724f051805f4fdf2b1e9b7b\"},\"headline\":\"Akrus \u00e0 l&rsquo;exposition mondiale de la sant\u00e9 de Duba\u00ef 2026\",\"datePublished\":\"2026-02-16T12:10:57+00:00\",\"dateModified\":\"2026-04-24T13:14:07+00:00\",\"mainEntityOfPage\":{\"@id\":\"https:\/\/www.akrus.de\/fr\/akrus-a-lexposition-mondiale-de-la-sante-de-dubai-2026\"},\"wordCount\":894,\"publisher\":{\"@id\":\"https:\/\/www.akrus.de\/fr#organization\"},\"image\":{\"@id\":\"https:\/\/www.akrus.de\/fr\/akrus-a-lexposition-mondiale-de-la-sante-de-dubai-2026#primaryimage\"},\"thumbnailUrl\":\"https:\/\/www.akrus.de\/wp-content\/uploads\/2026\/03\/akrus-arab-health-2026-messestand-V3.jpg\",\"articleSection\":[\"Non cat\u00e9goris\u00e9\"],\"inLanguage\":\"fr-FR\"},{\"@type\":\"WebPage\",\"@id\":\"https:\/\/www.akrus.de\/fr\/akrus-a-lexposition-mondiale-de-la-sante-de-dubai-2026\",\"url\":\"https:\/\/www.akrus.de\/fr\/akrus-a-lexposition-mondiale-de-la-sante-de-dubai-2026\",\"name\":\"Akrus \u00e0 l'exposition mondiale de la sant\u00e9 de Duba\u00ef 2026 | AKRUS\",\"isPartOf\":{\"@id\":\"https:\/\/www.akrus.de\/fr#website\"},\"primaryImageOfPage\":{\"@id\":\"https:\/\/www.akrus.de\/fr\/akrus-a-lexposition-mondiale-de-la-sante-de-dubai-2026#primaryimage\"},\"image\":{\"@id\":\"https:\/\/www.akrus.de\/fr\/akrus-a-lexposition-mondiale-de-la-sante-de-dubai-2026#primaryimage\"},\"thumbnailUrl\":\"https:\/\/www.akrus.de\/wp-content\/uploads\/2026\/03\/akrus-arab-health-2026-messestand-V3.jpg\",\"datePublished\":\"2026-02-16T12:10:57+00:00\",\"dateModified\":\"2026-04-24T13:14:07+00:00\",\"description\":\"AKRUS se r\u00e9jouit d'une participation r\u00e9ussie \u00e0 l'Exposition mondiale de la sant\u00e9 de Duba\u00ef 2026, avec de nouveaux partenariats, des impulsions du march\u00e9 et des discussions pr\u00e9cieuses.\",\"breadcrumb\":{\"@id\":\"https:\/\/www.akrus.de\/fr\/akrus-a-lexposition-mondiale-de-la-sante-de-dubai-2026#breadcrumb\"},\"inLanguage\":\"fr-FR\",\"potentialAction\":[{\"@type\":\"ReadAction\",\"target\":[\"https:\/\/www.akrus.de\/fr\/akrus-a-lexposition-mondiale-de-la-sante-de-dubai-2026\"]}]},{\"@type\":\"ImageObject\",\"inLanguage\":\"fr-FR\",\"@id\":\"https:\/\/www.akrus.de\/fr\/akrus-a-lexposition-mondiale-de-la-sante-de-dubai-2026#primaryimage\",\"url\":\"https:\/\/www.akrus.de\/wp-content\/uploads\/2026\/03\/akrus-arab-health-2026-messestand-V3.jpg\",\"contentUrl\":\"https:\/\/www.akrus.de\/wp-content\/uploads\/2026\/03\/akrus-arab-health-2026-messestand-V3.jpg\",\"width\":1600,\"height\":1200},{\"@type\":\"BreadcrumbList\",\"@id\":\"https:\/\/www.akrus.de\/fr\/akrus-a-lexposition-mondiale-de-la-sante-de-dubai-2026#breadcrumb\",\"itemListElement\":[{\"@type\":\"ListItem\",\"position\":1,\"name\":\"Startseite\",\"item\":\"https:\/\/www.akrus.de\/fr\"},{\"@type\":\"ListItem\",\"position\":2,\"name\":\"Akrus \u00e0 l&rsquo;exposition mondiale de la sant\u00e9 de Duba\u00ef 2026\"}]},{\"@type\":\"WebSite\",\"@id\":\"https:\/\/www.akrus.de\/fr#website\",\"url\":\"https:\/\/www.akrus.de\/fr\",\"name\":\"AKRUS Medizintechnik\",\"description\":\"AKRUS GmbH &amp; Co. KG ist Hersteller von medizinischem Mobiliar, spezialisiert auf OP-Liegen und -St\u00fchlen\",\"publisher\":{\"@id\":\"https:\/\/www.akrus.de\/fr#organization\"},\"potentialAction\":[{\"@type\":\"SearchAction\",\"target\":{\"@type\":\"EntryPoint\",\"urlTemplate\":\"https:\/\/www.akrus.de\/fr?s={search_term_string}\"},\"query-input\":{\"@type\":\"PropertyValueSpecification\",\"valueRequired\":true,\"valueName\":\"search_term_string\"}}],\"inLanguage\":\"fr-FR\"},{\"@type\":\"Organization\",\"@id\":\"https:\/\/www.akrus.de\/fr#organization\",\"name\":\"AKRUS GMBH & CO.KG\",\"alternateName\":\"AKRUS\",\"url\":\"https:\/\/www.akrus.de\/fr\",\"logo\":{\"@type\":\"ImageObject\",\"inLanguage\":\"fr-FR\",\"@id\":\"https:\/\/www.akrus.de\/fr#\/schema\/logo\/image\/\",\"url\":\"https:\/\/www.akrus.de\/wp-content\/uploads\/2024\/06\/cropped-AKRUS-Icon-New.jpg\",\"contentUrl\":\"https:\/\/www.akrus.de\/wp-content\/uploads\/2024\/06\/cropped-AKRUS-Icon-New.jpg\",\"width\":512,\"height\":512,\"caption\":\"AKRUS GMBH & CO.KG\"},\"image\":{\"@id\":\"https:\/\/www.akrus.de\/fr#\/schema\/logo\/image\/\"},\"sameAs\":[\"https:\/\/www.linkedin.com\/company\/akrus\/\",\"https:\/\/www.youtube.com\/@akrus6469\"]},{\"@type\":\"Person\",\"@id\":\"https:\/\/www.akrus.de\/fr#\/schema\/person\/e7339dae7724f051805f4fdf2b1e9b7b\",\"name\":\"Janina Siring\",\"description\":\"Bachelorabschluss in Bionik (B. Sc.) mit Schwerpunkt Leichtbau und Sensorik Masterabschluss in Biomedizintechnik (M. Sc.) mit Schwerpunkt Implantologie und Verfahrenstechnik. 5,5 Jahre als Wissenschaftliche Mitarbeiterin am Institut f\u00fcr Umformtechnik und Umformmaschinen (IFUM) an der Leibniz Universit\u00e4t Hannover. Projektbearbeitung im Bereich Materialcharakterisierung und Simulation. Ab Mitte Oktober 2025 Forschungsleitung bei Akrus\",\"sameAs\":[\"https:\/\/orcid.org\/0009-0005-2487-9528\",\"https:\/\/www.linkedin.com\/in\/janina-siring-6972bbb9\"],\"url\":\"https:\/\/www.akrus.de\/fr\/author\/janina\"}]}<\/script>\n<!-- \/ Yoast SEO plugin. -->","yoast_head_json":{"title":"Akrus \u00e0 l'exposition mondiale de la sant\u00e9 de Duba\u00ef 2026 | AKRUS","description":"AKRUS se r\u00e9jouit d'une participation r\u00e9ussie \u00e0 l'Exposition mondiale de la sant\u00e9 de Duba\u00ef 2026, avec de nouveaux partenariats, des impulsions du march\u00e9 et des discussions pr\u00e9cieuses.","robots":{"index":"index","follow":"follow","max-snippet":"max-snippet:-1","max-image-preview":"max-image-preview:large","max-video-preview":"max-video-preview:-1"},"canonical":"https:\/\/www.akrus.de\/fr\/akrus-a-lexposition-mondiale-de-la-sante-de-dubai-2026","og_locale":"fr_FR","og_type":"article","og_title":"Akrus \u00e0 l'exposition mondiale de la sant\u00e9 de Duba\u00ef 2026 | AKRUS","og_description":"AKRUS se r\u00e9jouit d'une participation r\u00e9ussie \u00e0 l'Exposition mondiale de la sant\u00e9 de Duba\u00ef 2026, avec de nouveaux partenariats, des impulsions du march\u00e9 et des discussions pr\u00e9cieuses.","og_url":"https:\/\/www.akrus.de\/fr\/akrus-a-lexposition-mondiale-de-la-sante-de-dubai-2026","og_site_name":"AKRUS Medizintechnik","article_published_time":"2026-02-16T12:10:57+00:00","article_modified_time":"2026-04-24T13:14:07+00:00","og_image":[{"width":1600,"height":1200,"url":"https:\/\/www.akrus.de\/wp-content\/uploads\/2026\/03\/akrus-arab-health-2026-messestand-V3.jpg","type":"image\/jpeg"}],"author":"Janina Siring","twitter_card":"summary_large_image","twitter_misc":{"\u00c9crit par":"Janina Siring","Dur\u00e9e de lecture estim\u00e9e":"4 minutes"},"schema":{"@context":"https:\/\/schema.org","@graph":[{"@type":"Article","@id":"https:\/\/www.akrus.de\/fr\/akrus-a-lexposition-mondiale-de-la-sante-de-dubai-2026#article","isPartOf":{"@id":"https:\/\/www.akrus.de\/fr\/akrus-a-lexposition-mondiale-de-la-sante-de-dubai-2026"},"author":{"name":"Janina Siring","@id":"https:\/\/www.akrus.de\/fr#\/schema\/person\/e7339dae7724f051805f4fdf2b1e9b7b"},"headline":"Akrus \u00e0 l&rsquo;exposition mondiale de la sant\u00e9 de Duba\u00ef 2026","datePublished":"2026-02-16T12:10:57+00:00","dateModified":"2026-04-24T13:14:07+00:00","mainEntityOfPage":{"@id":"https:\/\/www.akrus.de\/fr\/akrus-a-lexposition-mondiale-de-la-sante-de-dubai-2026"},"wordCount":894,"publisher":{"@id":"https:\/\/www.akrus.de\/fr#organization"},"image":{"@id":"https:\/\/www.akrus.de\/fr\/akrus-a-lexposition-mondiale-de-la-sante-de-dubai-2026#primaryimage"},"thumbnailUrl":"https:\/\/www.akrus.de\/wp-content\/uploads\/2026\/03\/akrus-arab-health-2026-messestand-V3.jpg","articleSection":["Non cat\u00e9goris\u00e9"],"inLanguage":"fr-FR"},{"@type":"WebPage","@id":"https:\/\/www.akrus.de\/fr\/akrus-a-lexposition-mondiale-de-la-sante-de-dubai-2026","url":"https:\/\/www.akrus.de\/fr\/akrus-a-lexposition-mondiale-de-la-sante-de-dubai-2026","name":"Akrus \u00e0 l'exposition mondiale de la sant\u00e9 de Duba\u00ef 2026 | AKRUS","isPartOf":{"@id":"https:\/\/www.akrus.de\/fr#website"},"primaryImageOfPage":{"@id":"https:\/\/www.akrus.de\/fr\/akrus-a-lexposition-mondiale-de-la-sante-de-dubai-2026#primaryimage"},"image":{"@id":"https:\/\/www.akrus.de\/fr\/akrus-a-lexposition-mondiale-de-la-sante-de-dubai-2026#primaryimage"},"thumbnailUrl":"https:\/\/www.akrus.de\/wp-content\/uploads\/2026\/03\/akrus-arab-health-2026-messestand-V3.jpg","datePublished":"2026-02-16T12:10:57+00:00","dateModified":"2026-04-24T13:14:07+00:00","description":"AKRUS se r\u00e9jouit d'une participation r\u00e9ussie \u00e0 l'Exposition mondiale de la sant\u00e9 de Duba\u00ef 2026, avec de nouveaux partenariats, des impulsions du march\u00e9 et des discussions pr\u00e9cieuses.","breadcrumb":{"@id":"https:\/\/www.akrus.de\/fr\/akrus-a-lexposition-mondiale-de-la-sante-de-dubai-2026#breadcrumb"},"inLanguage":"fr-FR","potentialAction":[{"@type":"ReadAction","target":["https:\/\/www.akrus.de\/fr\/akrus-a-lexposition-mondiale-de-la-sante-de-dubai-2026"]}]},{"@type":"ImageObject","inLanguage":"fr-FR","@id":"https:\/\/www.akrus.de\/fr\/akrus-a-lexposition-mondiale-de-la-sante-de-dubai-2026#primaryimage","url":"https:\/\/www.akrus.de\/wp-content\/uploads\/2026\/03\/akrus-arab-health-2026-messestand-V3.jpg","contentUrl":"https:\/\/www.akrus.de\/wp-content\/uploads\/2026\/03\/akrus-arab-health-2026-messestand-V3.jpg","width":1600,"height":1200},{"@type":"BreadcrumbList","@id":"https:\/\/www.akrus.de\/fr\/akrus-a-lexposition-mondiale-de-la-sante-de-dubai-2026#breadcrumb","itemListElement":[{"@type":"ListItem","position":1,"name":"Startseite","item":"https:\/\/www.akrus.de\/fr"},{"@type":"ListItem","position":2,"name":"Akrus \u00e0 l&rsquo;exposition mondiale de la sant\u00e9 de Duba\u00ef 2026"}]},{"@type":"WebSite","@id":"https:\/\/www.akrus.de\/fr#website","url":"https:\/\/www.akrus.de\/fr","name":"AKRUS Medizintechnik","description":"AKRUS GmbH &amp; Co. KG ist Hersteller von medizinischem Mobiliar, spezialisiert auf OP-Liegen und -St\u00fchlen","publisher":{"@id":"https:\/\/www.akrus.de\/fr#organization"},"potentialAction":[{"@type":"SearchAction","target":{"@type":"EntryPoint","urlTemplate":"https:\/\/www.akrus.de\/fr?s={search_term_string}"},"query-input":{"@type":"PropertyValueSpecification","valueRequired":true,"valueName":"search_term_string"}}],"inLanguage":"fr-FR"},{"@type":"Organization","@id":"https:\/\/www.akrus.de\/fr#organization","name":"AKRUS GMBH & CO.KG","alternateName":"AKRUS","url":"https:\/\/www.akrus.de\/fr","logo":{"@type":"ImageObject","inLanguage":"fr-FR","@id":"https:\/\/www.akrus.de\/fr#\/schema\/logo\/image\/","url":"https:\/\/www.akrus.de\/wp-content\/uploads\/2024\/06\/cropped-AKRUS-Icon-New.jpg","contentUrl":"https:\/\/www.akrus.de\/wp-content\/uploads\/2024\/06\/cropped-AKRUS-Icon-New.jpg","width":512,"height":512,"caption":"AKRUS GMBH & CO.KG"},"image":{"@id":"https:\/\/www.akrus.de\/fr#\/schema\/logo\/image\/"},"sameAs":["https:\/\/www.linkedin.com\/company\/akrus\/","https:\/\/www.youtube.com\/@akrus6469"]},{"@type":"Person","@id":"https:\/\/www.akrus.de\/fr#\/schema\/person\/e7339dae7724f051805f4fdf2b1e9b7b","name":"Janina Siring","description":"Bachelorabschluss in Bionik (B. Sc.) mit Schwerpunkt Leichtbau und Sensorik Masterabschluss in Biomedizintechnik (M. Sc.) mit Schwerpunkt Implantologie und Verfahrenstechnik. 5,5 Jahre als Wissenschaftliche Mitarbeiterin am Institut f\u00fcr Umformtechnik und Umformmaschinen (IFUM) an der Leibniz Universit\u00e4t Hannover. Projektbearbeitung im Bereich Materialcharakterisierung und Simulation. Ab Mitte Oktober 2025 Forschungsleitung bei Akrus","sameAs":["https:\/\/orcid.org\/0009-0005-2487-9528","https:\/\/www.linkedin.com\/in\/janina-siring-6972bbb9"],"url":"https:\/\/www.akrus.de\/fr\/author\/janina"}]}},"_links":{"self":[{"href":"https:\/\/www.akrus.de\/fr\/wp-json\/wp\/v2\/posts\/1940","targetHints":{"allow":["GET"]}}],"collection":[{"href":"https:\/\/www.akrus.de\/fr\/wp-json\/wp\/v2\/posts"}],"about":[{"href":"https:\/\/www.akrus.de\/fr\/wp-json\/wp\/v2\/types\/post"}],"author":[{"embeddable":true,"href":"https:\/\/www.akrus.de\/fr\/wp-json\/wp\/v2\/users\/12"}],"replies":[{"embeddable":true,"href":"https:\/\/www.akrus.de\/fr\/wp-json\/wp\/v2\/comments?post=1940"}],"version-history":[{"count":1,"href":"https:\/\/www.akrus.de\/fr\/wp-json\/wp\/v2\/posts\/1940\/revisions"}],"predecessor-version":[{"id":1942,"href":"https:\/\/www.akrus.de\/fr\/wp-json\/wp\/v2\/posts\/1940\/revisions\/1942"}],"wp:featuredmedia":[{"embeddable":true,"href":"https:\/\/www.akrus.de\/fr\/wp-json\/wp\/v2\/media\/1941"}],"wp:attachment":[{"href":"https:\/\/www.akrus.de\/fr\/wp-json\/wp\/v2\/media?parent=1940"}],"wp:term":[{"taxonomy":"category","embeddable":true,"href":"https:\/\/www.akrus.de\/fr\/wp-json\/wp\/v2\/categories?post=1940"},{"taxonomy":"post_tag","embeddable":true,"href":"https:\/\/www.akrus.de\/fr\/wp-json\/wp\/v2\/tags?post=1940"}],"curies":[{"name":"wp","href":"https:\/\/api.w.org\/{rel}","templated":true}]}}